{"id":2194,"date":"2023-03-24T08:10:48","date_gmt":"2023-03-24T08:10:48","guid":{"rendered":"https:\/\/decolletatgesabadell.com\/non-classifiee\/incorporacion-de-nueva-maquinaria-02-2023\/"},"modified":"2023-03-24T08:10:48","modified_gmt":"2023-03-24T08:10:48","slug":"incorporacion-de-nueva-maquinaria-02-2023","status":"publish","type":"post","link":"https:\/\/decolletatgesabadell.com\/fr\/incorporacion-de-nueva-maquinaria-02-2023\/","title":{"rendered":"Nova maquinaria 02\/2023"},"content":{"rendered":"\t\t<div data-elementor-type=\"wp-post\" data-elementor-id=\"2194\" class=\"elementor elementor-2194 elementor-638\" data-elementor-settings=\"{&quot;ha_cmc_init_switcher&quot;:&quot;no&quot;}\">\n\t\t\t\t\t\t<section class=\"elementor-section elementor-top-section elementor-element elementor-element-87d52dd elementor-section-boxed elementor-section-height-default elementor-section-height-default\" data-id=\"87d52dd\" data-element_type=\"section\" data-e-type=\"section\" data-settings=\"{&quot;background_background&quot;:&quot;classic&quot;,&quot;_ha_eqh_enable&quot;:false}\">\n\t\t\t\t\t\t\t<div class=\"elementor-background-overlay\"><\/div>\n\t\t\t\t\t\t\t<div class=\"elementor-container elementor-column-gap-default\">\n\t\t\t\t\t<div class=\"elementor-column elementor-col-100 elementor-top-column elementor-element elementor-element-2571244\" data-id=\"2571244\" data-element_type=\"column\" data-e-type=\"column\">\n\t\t\t<div class=\"elementor-widget-wrap elementor-element-populated\">\n\t\t\t\t\t\t<div class=\"elementor-element elementor-element-1be7c55 elementor-widget elementor-widget-theme-post-title\" data-id=\"1be7c55\" data-element_type=\"widget\" data-e-type=\"widget\" data-widget_type=\"theme-post-title.default\">\n\t\t\t\t<div class=\"elementor-widget-container\">\n\t\t\t\t\t \t\t\t\t<\/div>\n\t\t\t\t<\/div>\n\t\t\t\t\t<\/div>\n\t\t<\/div>\n\t\t\t\t\t<\/div>\n\t\t<\/section>\n\t\t\t\t<section class=\"elementor-section elementor-top-section elementor-element elementor-element-709aef30 elementor-section-boxed elementor-section-height-default elementor-section-height-default\" data-id=\"709aef30\" data-element_type=\"section\" data-e-type=\"section\" data-settings=\"{&quot;_ha_eqh_enable&quot;:false}\">\n\t\t\t\t\t\t<div class=\"elementor-container elementor-column-gap-default\">\n\t\t\t\t\t<div class=\"elementor-column elementor-col-66 elementor-top-column elementor-element elementor-element-6168906c\" data-id=\"6168906c\" data-element_type=\"column\" data-e-type=\"column\">\n\t\t\t<div class=\"elementor-widget-wrap elementor-element-populated\">\n\t\t\t\t\t\t<div class=\"elementor-element elementor-element-23f3d53a elementor-widget elementor-widget-text-editor\" data-id=\"23f3d53a\" data-element_type=\"widget\" data-e-type=\"widget\" data-widget_type=\"text-editor.default\">\n\t\t\t\t<div class=\"elementor-widget-container\">\n\t\t\t\t\t\t\t\t\t<h2>Seguim incrementat la nostra capacitat productiva i tecnol\u00f2gica amb un nou torn CNC.<\/h2><ul><li>Torreta amb motor incorporat d&rsquo;accionament directe.<\/li><li>Contrapunt autom\u00e0tic CNC, subhusillo, eines rotatives i eix C\/I.<\/li><li>Bancada amb gran estabilitat t\u00e8rmica.<\/li><li>Indexaci\u00f3 r\u00e0pida.<\/li><li>Alta eliminaci\u00f3 de ferritja gr\u00e0cies a potents servomotors d&rsquo;\u00faltima generaci\u00f3.<\/li><\/ul>\t\t\t\t\t\t\t\t<\/div>\n\t\t\t\t<\/div>\n\t\t\t\t\t<\/div>\n\t\t<\/div>\n\t\t\t\t<div class=\"elementor-column elementor-col-33 elementor-top-column elementor-element elementor-element-66036c3\" data-id=\"66036c3\" data-element_type=\"column\" data-e-type=\"column\">\n\t\t\t<div class=\"elementor-widget-wrap elementor-element-populated\">\n\t\t\t\t\t\t<div class=\"elementor-element elementor-element-6a48cd9 elementor-widget elementor-widget-image\" data-id=\"6a48cd9\" data-element_type=\"widget\" data-e-type=\"widget\" data-widget_type=\"image.default\">\n\t\t\t\t<div class=\"elementor-widget-container\">\n\t\t\t\t\t\t\t\t\t\t\t\t\t\t\t<img fetchpriority=\"high\" decoding=\"async\" width=\"800\" height=\"600\" src=\"https:\/\/decolletatgesabadell.com\/wp-content\/uploads\/2023\/03\/Torreta-1024x768.png\" class=\"attachment-large size-large wp-image-2195\" alt=\"\" srcset=\"https:\/\/decolletatgesabadell.com\/wp-content\/uploads\/2023\/03\/Torreta-1024x768.png 1024w, https:\/\/decolletatgesabadell.com\/wp-content\/uploads\/2023\/03\/Torreta-300x225.png 300w, https:\/\/decolletatgesabadell.com\/wp-content\/uploads\/2023\/03\/Torreta-768x576.png 768w, https:\/\/decolletatgesabadell.com\/wp-content\/uploads\/2023\/03\/Torreta.png 1275w\" sizes=\"(max-width: 800px) 100vw, 800px\" \/>\t\t\t\t\t\t\t\t\t\t\t\t\t\t\t<\/div>\n\t\t\t\t<\/div>\n\t\t\t\t\t<\/div>\n\t\t<\/div>\n\t\t\t\t\t<\/div>\n\t\t<\/section>\n\t\t\t\t<\/div>\n\t\t","protected":false},"excerpt":{"rendered":"<p>Seguim incrementat la nostra capacitat productiva i tecnol\u00f2gica amb un nou torn CNC. Torreta amb motor incorporat d&rsquo;accionament directe. Contrapunt autom\u00e0tic CNC, subhusillo, eines rotatives i eix C\/I. Bancada amb gran estabilitat t\u00e8rmica. Indexaci\u00f3 r\u00e0pida. Alta eliminaci\u00f3 de ferritja gr\u00e0cies a potents servomotors d&rsquo;\u00faltima generaci\u00f3.<\/p>\n","protected":false},"author":2,"featured_media":2195,"comment_status":"open","ping_status":"closed","sticky":false,"template":"elementor_header_footer","format":"standard","meta":{"content-type":"","footnotes":""},"categories":[19],"tags":[],"class_list":["post-2194","post","type-post","status-publish","format-standard","has-post-thumbnail","hentry","category-non-classifiee"],"yoast_head":"<!-- This site is optimized with the Yoast SEO plugin v27.4 - https:\/\/yoast.com\/product\/yoast-seo-wordpress\/ -->\n<title>Nova maquinaria 02\/2023 - Decolletatge Sabadell<\/title>\n<meta name=\"description\" content=\"Seguim incrementat la nostra capacitat productiva i tecnol\u00f2gica amb un nou torn CNC.\" \/>\n<meta name=\"robots\" content=\"index, follow, max-snippet:-1, max-image-preview:large, max-video-preview:-1\" \/>\n<link rel=\"canonical\" href=\"https:\/\/decolletatgesabadell.com\/incorporacion-de-nueva-maquinaria-02-2023\/\" \/>\n<meta property=\"og:locale\" content=\"fr_FR\" \/>\n<meta property=\"og:type\" content=\"article\" \/>\n<meta property=\"og:title\" content=\"Nova maquinaria 02\/2023 - Decolletatge Sabadell\" \/>\n<meta property=\"og:description\" content=\"Seguim incrementat la nostra capacitat productiva i tecnol\u00f2gica amb un nou torn CNC.\" \/>\n<meta property=\"og:url\" content=\"https:\/\/decolletatgesabadell.com\/incorporacion-de-nueva-maquinaria-02-2023\/\" \/>\n<meta property=\"og:site_name\" content=\"Decolletatge Sabadell\" \/>\n<meta property=\"article:published_time\" content=\"2023-03-24T08:10:48+00:00\" \/>\n<meta property=\"og:image\" content=\"https:\/\/decolletatgesabadell.com\/wp-content\/uploads\/2023\/03\/Torreta.png\" \/>\n\t<meta property=\"og:image:width\" content=\"1275\" \/>\n\t<meta property=\"og:image:height\" content=\"956\" \/>\n\t<meta property=\"og:image:type\" content=\"image\/png\" \/>\n<meta name=\"author\" content=\"Diego Lluna\" \/>\n<meta name=\"twitter:card\" content=\"summary_large_image\" \/>\n<meta name=\"twitter:label1\" content=\"\u00c9crit par\" \/>\n\t<meta name=\"twitter:data1\" content=\"Diego Lluna\" \/>\n\t<meta name=\"twitter:label2\" content=\"Dur\u00e9e de lecture estim\u00e9e\" \/>\n\t<meta name=\"twitter:data2\" content=\"1 minute\" \/>\n<script type=\"application\/ld+json\" class=\"yoast-schema-graph\">{\"@context\":\"https:\\\/\\\/schema.org\",\"@graph\":[{\"@type\":\"Article\",\"@id\":\"https:\\\/\\\/decolletatgesabadell.com\\\/incorporacion-de-nueva-maquinaria-02-2023\\\/#article\",\"isPartOf\":{\"@id\":\"https:\\\/\\\/decolletatgesabadell.com\\\/incorporacion-de-nueva-maquinaria-02-2023\\\/\"},\"author\":{\"name\":\"Diego Lluna\",\"@id\":\"https:\\\/\\\/decolletatgesabadell.com\\\/#\\\/schema\\\/person\\\/37e93b54bfda56c2ded0915c5aad5169\"},\"headline\":\"Nova maquinaria 02\\\/2023\",\"datePublished\":\"2023-03-24T08:10:48+00:00\",\"mainEntityOfPage\":{\"@id\":\"https:\\\/\\\/decolletatgesabadell.com\\\/incorporacion-de-nueva-maquinaria-02-2023\\\/\"},\"wordCount\":55,\"commentCount\":0,\"publisher\":{\"@id\":\"https:\\\/\\\/decolletatgesabadell.com\\\/#organization\"},\"image\":{\"@id\":\"https:\\\/\\\/decolletatgesabadell.com\\\/incorporacion-de-nueva-maquinaria-02-2023\\\/#primaryimage\"},\"thumbnailUrl\":\"https:\\\/\\\/decolletatgesabadell.com\\\/wp-content\\\/uploads\\\/2023\\\/03\\\/Torreta.png\",\"articleSection\":[\"Non classifi\u00e9(e)\"],\"inLanguage\":\"fr-FR\",\"potentialAction\":[{\"@type\":\"CommentAction\",\"name\":\"Comment\",\"target\":[\"https:\\\/\\\/decolletatgesabadell.com\\\/incorporacion-de-nueva-maquinaria-02-2023\\\/#respond\"]}]},{\"@type\":\"WebPage\",\"@id\":\"https:\\\/\\\/decolletatgesabadell.com\\\/incorporacion-de-nueva-maquinaria-02-2023\\\/\",\"url\":\"https:\\\/\\\/decolletatgesabadell.com\\\/incorporacion-de-nueva-maquinaria-02-2023\\\/\",\"name\":\"Nova maquinaria 02\\\/2023 - Decolletatge Sabadell\",\"isPartOf\":{\"@id\":\"https:\\\/\\\/decolletatgesabadell.com\\\/#website\"},\"primaryImageOfPage\":{\"@id\":\"https:\\\/\\\/decolletatgesabadell.com\\\/incorporacion-de-nueva-maquinaria-02-2023\\\/#primaryimage\"},\"image\":{\"@id\":\"https:\\\/\\\/decolletatgesabadell.com\\\/incorporacion-de-nueva-maquinaria-02-2023\\\/#primaryimage\"},\"thumbnailUrl\":\"https:\\\/\\\/decolletatgesabadell.com\\\/wp-content\\\/uploads\\\/2023\\\/03\\\/Torreta.png\",\"datePublished\":\"2023-03-24T08:10:48+00:00\",\"description\":\"Seguim incrementat la nostra capacitat productiva i tecnol\u00f2gica amb un nou torn CNC.\",\"breadcrumb\":{\"@id\":\"https:\\\/\\\/decolletatgesabadell.com\\\/incorporacion-de-nueva-maquinaria-02-2023\\\/#breadcrumb\"},\"inLanguage\":\"fr-FR\",\"potentialAction\":[{\"@type\":\"ReadAction\",\"target\":[\"https:\\\/\\\/decolletatgesabadell.com\\\/incorporacion-de-nueva-maquinaria-02-2023\\\/\"]}]},{\"@type\":\"ImageObject\",\"inLanguage\":\"fr-FR\",\"@id\":\"https:\\\/\\\/decolletatgesabadell.com\\\/incorporacion-de-nueva-maquinaria-02-2023\\\/#primaryimage\",\"url\":\"https:\\\/\\\/decolletatgesabadell.com\\\/wp-content\\\/uploads\\\/2023\\\/03\\\/Torreta.png\",\"contentUrl\":\"https:\\\/\\\/decolletatgesabadell.com\\\/wp-content\\\/uploads\\\/2023\\\/03\\\/Torreta.png\",\"width\":1275,\"height\":956},{\"@type\":\"BreadcrumbList\",\"@id\":\"https:\\\/\\\/decolletatgesabadell.com\\\/incorporacion-de-nueva-maquinaria-02-2023\\\/#breadcrumb\",\"itemListElement\":[{\"@type\":\"ListItem\",\"position\":1,\"name\":\"Portada\",\"item\":\"https:\\\/\\\/decolletatgesabadell.com\\\/fr\\\/\"},{\"@type\":\"ListItem\",\"position\":2,\"name\":\"Nova maquinaria 02\\\/2023\"}]},{\"@type\":\"WebSite\",\"@id\":\"https:\\\/\\\/decolletatgesabadell.com\\\/#website\",\"url\":\"https:\\\/\\\/decolletatgesabadell.com\\\/\",\"name\":\"Decolletate Sabadel S.L.\",\"description\":\"Mecanizados de precisi\u00f3n sorprendentes.\",\"publisher\":{\"@id\":\"https:\\\/\\\/decolletatgesabadell.com\\\/#organization\"},\"alternateName\":\"Mecanizados de Precisi\u00f3n\",\"potentialAction\":[{\"@type\":\"SearchAction\",\"target\":{\"@type\":\"EntryPoint\",\"urlTemplate\":\"https:\\\/\\\/decolletatgesabadell.com\\\/?s={search_term_string}\"},\"query-input\":{\"@type\":\"PropertyValueSpecification\",\"valueRequired\":true,\"valueName\":\"search_term_string\"}}],\"inLanguage\":\"fr-FR\"},{\"@type\":\"Organization\",\"@id\":\"https:\\\/\\\/decolletatgesabadell.com\\\/#organization\",\"name\":\"Decolletate Sabadel S.L.\",\"alternateName\":\"Mecanizados de Precisi\u00f3n\",\"url\":\"https:\\\/\\\/decolletatgesabadell.com\\\/\",\"logo\":{\"@type\":\"ImageObject\",\"inLanguage\":\"fr-FR\",\"@id\":\"https:\\\/\\\/decolletatgesabadell.com\\\/#\\\/schema\\\/logo\\\/image\\\/\",\"url\":\"https:\\\/\\\/decolletatgesabadell.com\\\/wp-content\\\/uploads\\\/2023\\\/02\\\/LogoDecoSabadell_web.png\",\"contentUrl\":\"https:\\\/\\\/decolletatgesabadell.com\\\/wp-content\\\/uploads\\\/2023\\\/02\\\/LogoDecoSabadell_web.png\",\"width\":500,\"height\":450,\"caption\":\"Decolletate Sabadel S.L.\"},\"image\":{\"@id\":\"https:\\\/\\\/decolletatgesabadell.com\\\/#\\\/schema\\\/logo\\\/image\\\/\"},\"sameAs\":[\"https:\\\/\\\/www.linkedin.com\\\/company\\\/11701969\\\/admin\\\/?feedType=following\",\"https:\\\/\\\/www.youtube.com\\\/@decolletatgesabadell4277\"]},{\"@type\":\"Person\",\"@id\":\"https:\\\/\\\/decolletatgesabadell.com\\\/#\\\/schema\\\/person\\\/37e93b54bfda56c2ded0915c5aad5169\",\"name\":\"Diego Lluna\",\"image\":{\"@type\":\"ImageObject\",\"inLanguage\":\"fr-FR\",\"@id\":\"https:\\\/\\\/secure.gravatar.com\\\/avatar\\\/170eb9bdfd9f195ef99963a43583511f1a34c13cf348c9db7fc92034ae334683?s=96&d=mm&r=g\",\"url\":\"https:\\\/\\\/secure.gravatar.com\\\/avatar\\\/170eb9bdfd9f195ef99963a43583511f1a34c13cf348c9db7fc92034ae334683?s=96&d=mm&r=g\",\"contentUrl\":\"https:\\\/\\\/secure.gravatar.com\\\/avatar\\\/170eb9bdfd9f195ef99963a43583511f1a34c13cf348c9db7fc92034ae334683?s=96&d=mm&r=g\",\"caption\":\"Diego Lluna\"},\"url\":\"https:\\\/\\\/decolletatgesabadell.com\\\/fr\\\/author\\\/deco\\\/\"}]}<\/script>\n<!-- \/ Yoast SEO plugin. -->","yoast_head_json":{"title":"Nova maquinaria 02\/2023 - Decolletatge Sabadell","description":"Seguim incrementat la nostra capacitat productiva i tecnol\u00f2gica amb un nou torn CNC.","robots":{"index":"index","follow":"follow","max-snippet":"max-snippet:-1","max-image-preview":"max-image-preview:large","max-video-preview":"max-video-preview:-1"},"canonical":"https:\/\/decolletatgesabadell.com\/incorporacion-de-nueva-maquinaria-02-2023\/","og_locale":"fr_FR","og_type":"article","og_title":"Nova maquinaria 02\/2023 - Decolletatge Sabadell","og_description":"Seguim incrementat la nostra capacitat productiva i tecnol\u00f2gica amb un nou torn CNC.","og_url":"https:\/\/decolletatgesabadell.com\/incorporacion-de-nueva-maquinaria-02-2023\/","og_site_name":"Decolletatge Sabadell","article_published_time":"2023-03-24T08:10:48+00:00","og_image":[{"width":1275,"height":956,"url":"https:\/\/decolletatgesabadell.com\/wp-content\/uploads\/2023\/03\/Torreta.png","type":"image\/png"}],"author":"Diego Lluna","twitter_card":"summary_large_image","twitter_misc":{"\u00c9crit par":"Diego Lluna","Dur\u00e9e de lecture estim\u00e9e":"1 minute"},"schema":{"@context":"https:\/\/schema.org","@graph":[{"@type":"Article","@id":"https:\/\/decolletatgesabadell.com\/incorporacion-de-nueva-maquinaria-02-2023\/#article","isPartOf":{"@id":"https:\/\/decolletatgesabadell.com\/incorporacion-de-nueva-maquinaria-02-2023\/"},"author":{"name":"Diego Lluna","@id":"https:\/\/decolletatgesabadell.com\/#\/schema\/person\/37e93b54bfda56c2ded0915c5aad5169"},"headline":"Nova maquinaria 02\/2023","datePublished":"2023-03-24T08:10:48+00:00","mainEntityOfPage":{"@id":"https:\/\/decolletatgesabadell.com\/incorporacion-de-nueva-maquinaria-02-2023\/"},"wordCount":55,"commentCount":0,"publisher":{"@id":"https:\/\/decolletatgesabadell.com\/#organization"},"image":{"@id":"https:\/\/decolletatgesabadell.com\/incorporacion-de-nueva-maquinaria-02-2023\/#primaryimage"},"thumbnailUrl":"https:\/\/decolletatgesabadell.com\/wp-content\/uploads\/2023\/03\/Torreta.png","articleSection":["Non classifi\u00e9(e)"],"inLanguage":"fr-FR","potentialAction":[{"@type":"CommentAction","name":"Comment","target":["https:\/\/decolletatgesabadell.com\/incorporacion-de-nueva-maquinaria-02-2023\/#respond"]}]},{"@type":"WebPage","@id":"https:\/\/decolletatgesabadell.com\/incorporacion-de-nueva-maquinaria-02-2023\/","url":"https:\/\/decolletatgesabadell.com\/incorporacion-de-nueva-maquinaria-02-2023\/","name":"Nova maquinaria 02\/2023 - Decolletatge Sabadell","isPartOf":{"@id":"https:\/\/decolletatgesabadell.com\/#website"},"primaryImageOfPage":{"@id":"https:\/\/decolletatgesabadell.com\/incorporacion-de-nueva-maquinaria-02-2023\/#primaryimage"},"image":{"@id":"https:\/\/decolletatgesabadell.com\/incorporacion-de-nueva-maquinaria-02-2023\/#primaryimage"},"thumbnailUrl":"https:\/\/decolletatgesabadell.com\/wp-content\/uploads\/2023\/03\/Torreta.png","datePublished":"2023-03-24T08:10:48+00:00","description":"Seguim incrementat la nostra capacitat productiva i tecnol\u00f2gica amb un nou torn CNC.","breadcrumb":{"@id":"https:\/\/decolletatgesabadell.com\/incorporacion-de-nueva-maquinaria-02-2023\/#breadcrumb"},"inLanguage":"fr-FR","potentialAction":[{"@type":"ReadAction","target":["https:\/\/decolletatgesabadell.com\/incorporacion-de-nueva-maquinaria-02-2023\/"]}]},{"@type":"ImageObject","inLanguage":"fr-FR","@id":"https:\/\/decolletatgesabadell.com\/incorporacion-de-nueva-maquinaria-02-2023\/#primaryimage","url":"https:\/\/decolletatgesabadell.com\/wp-content\/uploads\/2023\/03\/Torreta.png","contentUrl":"https:\/\/decolletatgesabadell.com\/wp-content\/uploads\/2023\/03\/Torreta.png","width":1275,"height":956},{"@type":"BreadcrumbList","@id":"https:\/\/decolletatgesabadell.com\/incorporacion-de-nueva-maquinaria-02-2023\/#breadcrumb","itemListElement":[{"@type":"ListItem","position":1,"name":"Portada","item":"https:\/\/decolletatgesabadell.com\/fr\/"},{"@type":"ListItem","position":2,"name":"Nova maquinaria 02\/2023"}]},{"@type":"WebSite","@id":"https:\/\/decolletatgesabadell.com\/#website","url":"https:\/\/decolletatgesabadell.com\/","name":"Decolletate Sabadel S.L.","description":"Mecanizados de precisi\u00f3n sorprendentes.","publisher":{"@id":"https:\/\/decolletatgesabadell.com\/#organization"},"alternateName":"Mecanizados de Precisi\u00f3n","potentialAction":[{"@type":"SearchAction","target":{"@type":"EntryPoint","urlTemplate":"https:\/\/decolletatgesabadell.com\/?s={search_term_string}"},"query-input":{"@type":"PropertyValueSpecification","valueRequired":true,"valueName":"search_term_string"}}],"inLanguage":"fr-FR"},{"@type":"Organization","@id":"https:\/\/decolletatgesabadell.com\/#organization","name":"Decolletate Sabadel S.L.","alternateName":"Mecanizados de Precisi\u00f3n","url":"https:\/\/decolletatgesabadell.com\/","logo":{"@type":"ImageObject","inLanguage":"fr-FR","@id":"https:\/\/decolletatgesabadell.com\/#\/schema\/logo\/image\/","url":"https:\/\/decolletatgesabadell.com\/wp-content\/uploads\/2023\/02\/LogoDecoSabadell_web.png","contentUrl":"https:\/\/decolletatgesabadell.com\/wp-content\/uploads\/2023\/02\/LogoDecoSabadell_web.png","width":500,"height":450,"caption":"Decolletate Sabadel S.L."},"image":{"@id":"https:\/\/decolletatgesabadell.com\/#\/schema\/logo\/image\/"},"sameAs":["https:\/\/www.linkedin.com\/company\/11701969\/admin\/?feedType=following","https:\/\/www.youtube.com\/@decolletatgesabadell4277"]},{"@type":"Person","@id":"https:\/\/decolletatgesabadell.com\/#\/schema\/person\/37e93b54bfda56c2ded0915c5aad5169","name":"Diego Lluna","image":{"@type":"ImageObject","inLanguage":"fr-FR","@id":"https:\/\/secure.gravatar.com\/avatar\/170eb9bdfd9f195ef99963a43583511f1a34c13cf348c9db7fc92034ae334683?s=96&d=mm&r=g","url":"https:\/\/secure.gravatar.com\/avatar\/170eb9bdfd9f195ef99963a43583511f1a34c13cf348c9db7fc92034ae334683?s=96&d=mm&r=g","contentUrl":"https:\/\/secure.gravatar.com\/avatar\/170eb9bdfd9f195ef99963a43583511f1a34c13cf348c9db7fc92034ae334683?s=96&d=mm&r=g","caption":"Diego Lluna"},"url":"https:\/\/decolletatgesabadell.com\/fr\/author\/deco\/"}]}},"_links":{"self":[{"href":"https:\/\/decolletatgesabadell.com\/fr\/wp-json\/wp\/v2\/posts\/2194","targetHints":{"allow":["GET"]}}],"collection":[{"href":"https:\/\/decolletatgesabadell.com\/fr\/wp-json\/wp\/v2\/posts"}],"about":[{"href":"https:\/\/decolletatgesabadell.com\/fr\/wp-json\/wp\/v2\/types\/post"}],"author":[{"embeddable":true,"href":"https:\/\/decolletatgesabadell.com\/fr\/wp-json\/wp\/v2\/users\/2"}],"replies":[{"embeddable":true,"href":"https:\/\/decolletatgesabadell.com\/fr\/wp-json\/wp\/v2\/comments?post=2194"}],"version-history":[{"count":0,"href":"https:\/\/decolletatgesabadell.com\/fr\/wp-json\/wp\/v2\/posts\/2194\/revisions"}],"wp:featuredmedia":[{"embeddable":true,"href":"https:\/\/decolletatgesabadell.com\/fr\/wp-json\/wp\/v2\/media\/2195"}],"wp:attachment":[{"href":"https:\/\/decolletatgesabadell.com\/fr\/wp-json\/wp\/v2\/media?parent=2194"}],"wp:term":[{"taxonomy":"category","embeddable":true,"href":"https:\/\/decolletatgesabadell.com\/fr\/wp-json\/wp\/v2\/categories?post=2194"},{"taxonomy":"post_tag","embeddable":true,"href":"https:\/\/decolletatgesabadell.com\/fr\/wp-json\/wp\/v2\/tags?post=2194"}],"curies":[{"name":"wp","href":"https:\/\/api.w.org\/{rel}","templated":true}]}}