{"id":3928,"date":"2025-09-04T15:14:40","date_gmt":"2025-09-04T15:14:40","guid":{"rendered":"https:\/\/decolletatgesabadell.com\/non-classifiee\/participacio-en-el-programa-accelera-el-creixament\/"},"modified":"2025-12-09T08:13:19","modified_gmt":"2025-12-09T08:13:19","slug":"participation-au-programme-accelerer-la-croissance","status":"publish","type":"post","link":"https:\/\/decolletatgesabadell.com\/fr\/participation-au-programme-accelerer-la-croissance\/","title":{"rendered":"PARTICIPATION AU PROGRAMME ACC\u00c9L\u00c9RER LA CROISSANCE"},"content":{"rendered":"\t\t<div data-elementor-type=\"wp-post\" data-elementor-id=\"3928\" class=\"elementor elementor-3928 elementor-3901\" data-elementor-settings=\"{&quot;ha_cmc_init_switcher&quot;:&quot;no&quot;}\">\n\t\t\t\t\t\t<section class=\"elementor-section elementor-top-section elementor-element elementor-element-87d52dd elementor-section-boxed elementor-section-height-default elementor-section-height-default\" data-id=\"87d52dd\" data-element_type=\"section\" data-e-type=\"section\" data-settings=\"{&quot;background_background&quot;:&quot;classic&quot;,&quot;_ha_eqh_enable&quot;:false}\">\n\t\t\t\t\t\t\t<div class=\"elementor-background-overlay\"><\/div>\n\t\t\t\t\t\t\t<div class=\"elementor-container elementor-column-gap-default\">\n\t\t\t\t\t<div class=\"elementor-column elementor-col-100 elementor-top-column elementor-element elementor-element-2571244\" data-id=\"2571244\" data-element_type=\"column\" data-e-type=\"column\">\n\t\t\t<div class=\"elementor-widget-wrap\">\n\t\t\t\t\t\t\t<\/div>\n\t\t<\/div>\n\t\t\t\t\t<\/div>\n\t\t<\/section>\n\t\t\t\t<section class=\"elementor-section elementor-top-section elementor-element elementor-element-709aef30 elementor-section-boxed elementor-section-height-default elementor-section-height-default\" data-id=\"709aef30\" data-element_type=\"section\" data-e-type=\"section\" data-settings=\"{&quot;_ha_eqh_enable&quot;:false}\">\n\t\t\t\t\t\t<div class=\"elementor-container elementor-column-gap-default\">\n\t\t\t\t\t<div class=\"elementor-column elementor-col-50 elementor-top-column elementor-element elementor-element-6168906c\" data-id=\"6168906c\" data-element_type=\"column\" data-e-type=\"column\">\n\t\t\t<div class=\"elementor-widget-wrap elementor-element-populated\">\n\t\t\t\t\t\t<div class=\"elementor-element elementor-element-23f3d53a elementor-widget elementor-widget-text-editor\" data-id=\"23f3d53a\" data-element_type=\"widget\" data-e-type=\"widget\" data-widget_type=\"text-editor.default\">\n\t\t\t\t<div class=\"elementor-widget-container\">\n\t\t\t\t\t\t\t\t\t<h2><strong>PARTICIPATION AU PROGRAMME ACC\u00c9L\u00c9RER LA CROISSANCE<\/strong><\/h2><p>Nous sommes tr\u00e8s heureux d&rsquo;avoir \u00e9t\u00e9 s\u00e9lectionn\u00e9s pour participer \u00e0 la 14<sup>e<\/sup> \u00e9dition du programme \u00ab Acc\u00e9l\u00e8re la croissance \u00bb, organis\u00e9 par la PIMEC et la D\u00e9putation de Barcelone.<\/p>\t\t\t\t\t\t\t\t<\/div>\n\t\t\t\t<\/div>\n\t\t\t\t\t<\/div>\n\t\t<\/div>\n\t\t\t\t<div class=\"elementor-column elementor-col-50 elementor-top-column elementor-element elementor-element-ded3a0b\" data-id=\"ded3a0b\" data-element_type=\"column\" data-e-type=\"column\">\n\t\t\t<div class=\"elementor-widget-wrap elementor-element-populated\">\n\t\t\t\t\t\t<div class=\"elementor-element elementor-element-afa0b88 elementor-widget elementor-widget-ha-slider happy-addon ha-slider\" data-id=\"afa0b88\" data-element_type=\"widget\" data-e-type=\"widget\" data-settings=\"{&quot;animation_speed&quot;:300,&quot;slides_transition&quot;:&quot;slide&quot;,&quot;navigation&quot;:&quot;arrow&quot;}\" data-widget_type=\"ha-slider.default\">\n\t\t\t\t<div class=\"elementor-widget-container\">\n\t\t\t\t\t\n\t\t<div class=\"hajs-slick ha-slick ha-slick--slider\">\n\n\t\t\t\n\t\t\t\t<div class=\"ha-slick-slide slick-slide\">\n\t\t\t\t\t<div class=\"ha-slick-item\">\n\t\t\t\t\t\t\t\t\t\t\t\t\t<img decoding=\"async\" class=\"ha-slick-img\" src=\"https:\/\/decolletatgesabadell.com\/wp-content\/uploads\/2025\/12\/Programa_Accelera-768x354.png\" alt=\"\">\n\t\t\t\t\t\t\n\t\t\t\t\t\t\t\t\t\t\t<\/div>\n\t\t\t\t<\/div>\n\n\t\t\t\n\t\t<\/div>\n\n\t\t\t\t\t<button type=\"button\" class=\"slick-prev\"><i aria-hidden=\"true\" class=\"fas fa-chevron-left\"><\/i><\/button>\n\t\t\n\t\t\t\t\t<button type=\"button\" class=\"slick-next\"><i aria-hidden=\"true\" class=\"fas fa-chevron-right\"><\/i><\/button>\n\t\t\n\t\t\t\t\t\t<\/div>\n\t\t\t\t<\/div>\n\t\t\t\t\t<\/div>\n\t\t<\/div>\n\t\t\t\t\t<\/div>\n\t\t<\/section>\n\t\t\t\t<\/div>\n\t\t","protected":false},"excerpt":{"rendered":"<p>Nous sommes tr\u00e8s heureux d&rsquo;avoir \u00e9t\u00e9 s\u00e9lectionn\u00e9s pour participer \u00e0 la 14e \u00e9dition du programme \u00ab Acc\u00e9l\u00e8re la croissance \u00bb, organis\u00e9 par la PIMEC et la D\u00e9putation de Barcelone.<\/p>\n","protected":false},"author":2,"featured_media":3920,"comment_status":"open","ping_status":"closed","sticky":false,"template":"elementor_header_footer","format":"standard","meta":{"content-type":"","footnotes":""},"categories":[55,1],"tags":[],"class_list":["post-3928","post","type-post","status-publish","format-standard","has-post-thumbnail","hentry","category-foires-et-evenements","category-sense-categoria"],"yoast_head":"<!-- This site is optimized with the Yoast SEO plugin v27.4 - https:\/\/yoast.com\/product\/yoast-seo-wordpress\/ -->\n<title>PARTICIPATION AU PROGRAMME ACC\u00c9L\u00c9RER LA CROISSANCE - Decolletatge Sabadell<\/title>\n<meta name=\"description\" content=\"Nous sommes tr\u00e8s heureux d&#039;avoir \u00e9t\u00e9 s\u00e9lectionn\u00e9s pour participer \u00e0 la 14e \u00e9dition du programme \u00ab Acc\u00e9l\u00e8re la croissance \u00bb, organis\u00e9 par la PIMEC et la D\u00e9putation de Barcelone.\" \/>\n<meta name=\"robots\" content=\"index, follow, max-snippet:-1, max-image-preview:large, max-video-preview:-1\" \/>\n<link rel=\"canonical\" href=\"https:\/\/decolletatgesabadell.com\/participacio-en-el-programa-accelera-el-creixament\/\" \/>\n<meta property=\"og:locale\" content=\"fr_FR\" \/>\n<meta property=\"og:type\" content=\"article\" \/>\n<meta property=\"og:title\" content=\"PARTICIPATION AU PROGRAMME ACC\u00c9L\u00c9RER LA CROISSANCE - Decolletatge Sabadell\" \/>\n<meta property=\"og:description\" content=\"Nous sommes tr\u00e8s heureux d&#039;avoir \u00e9t\u00e9 s\u00e9lectionn\u00e9s pour participer \u00e0 la 14e \u00e9dition du programme \u00ab Acc\u00e9l\u00e8re la croissance \u00bb, organis\u00e9 par la PIMEC et la D\u00e9putation de Barcelone.\" \/>\n<meta property=\"og:url\" content=\"https:\/\/decolletatgesabadell.com\/participacio-en-el-programa-accelera-el-creixament\/\" \/>\n<meta property=\"og:site_name\" content=\"Decolletatge Sabadell\" \/>\n<meta property=\"article:published_time\" content=\"2025-09-04T15:14:40+00:00\" \/>\n<meta property=\"article:modified_time\" content=\"2025-12-09T08:13:19+00:00\" \/>\n<meta property=\"og:image\" content=\"https:\/\/decolletatgesabadell.com\/wp-content\/uploads\/2025\/12\/Programa_Accelera.png\" \/>\n\t<meta property=\"og:image:width\" content=\"860\" \/>\n\t<meta property=\"og:image:height\" content=\"396\" \/>\n\t<meta property=\"og:image:type\" content=\"image\/png\" \/>\n<meta name=\"author\" content=\"Diego Lluna\" \/>\n<meta name=\"twitter:card\" content=\"summary_large_image\" \/>\n<meta name=\"twitter:label1\" content=\"\u00c9crit par\" \/>\n\t<meta name=\"twitter:data1\" content=\"Diego Lluna\" \/>\n\t<meta name=\"twitter:label2\" content=\"Dur\u00e9e de lecture estim\u00e9e\" \/>\n\t<meta name=\"twitter:data2\" content=\"1 minute\" \/>\n<script type=\"application\/ld+json\" class=\"yoast-schema-graph\">{\"@context\":\"https:\\\/\\\/schema.org\",\"@graph\":[{\"@type\":\"Article\",\"@id\":\"https:\\\/\\\/decolletatgesabadell.com\\\/participacio-en-el-programa-accelera-el-creixament\\\/#article\",\"isPartOf\":{\"@id\":\"https:\\\/\\\/decolletatgesabadell.com\\\/participacio-en-el-programa-accelera-el-creixament\\\/\"},\"author\":{\"name\":\"Diego Lluna\",\"@id\":\"https:\\\/\\\/decolletatgesabadell.com\\\/#\\\/schema\\\/person\\\/37e93b54bfda56c2ded0915c5aad5169\"},\"headline\":\"PARTICIPATION AU PROGRAMME ACC\u00c9L\u00c9RER LA CROISSANCE\",\"datePublished\":\"2025-09-04T15:14:40+00:00\",\"dateModified\":\"2025-12-09T08:13:19+00:00\",\"mainEntityOfPage\":{\"@id\":\"https:\\\/\\\/decolletatgesabadell.com\\\/participacio-en-el-programa-accelera-el-creixament\\\/\"},\"wordCount\":49,\"commentCount\":0,\"publisher\":{\"@id\":\"https:\\\/\\\/decolletatgesabadell.com\\\/#organization\"},\"image\":{\"@id\":\"https:\\\/\\\/decolletatgesabadell.com\\\/participacio-en-el-programa-accelera-el-creixament\\\/#primaryimage\"},\"thumbnailUrl\":\"https:\\\/\\\/decolletatgesabadell.com\\\/wp-content\\\/uploads\\\/2025\\\/09\\\/Programa_Accelera_3.jpg\",\"articleSection\":[\"Foires et \u00e9v\u00e9nements\",\"Sense categoria\"],\"inLanguage\":\"fr-FR\",\"potentialAction\":[{\"@type\":\"CommentAction\",\"name\":\"Comment\",\"target\":[\"https:\\\/\\\/decolletatgesabadell.com\\\/participacio-en-el-programa-accelera-el-creixament\\\/#respond\"]}]},{\"@type\":\"WebPage\",\"@id\":\"https:\\\/\\\/decolletatgesabadell.com\\\/participacio-en-el-programa-accelera-el-creixament\\\/\",\"url\":\"https:\\\/\\\/decolletatgesabadell.com\\\/participacio-en-el-programa-accelera-el-creixament\\\/\",\"name\":\"PARTICIPATION AU PROGRAMME ACC\u00c9L\u00c9RER LA CROISSANCE - Decolletatge Sabadell\",\"isPartOf\":{\"@id\":\"https:\\\/\\\/decolletatgesabadell.com\\\/#website\"},\"primaryImageOfPage\":{\"@id\":\"https:\\\/\\\/decolletatgesabadell.com\\\/participacio-en-el-programa-accelera-el-creixament\\\/#primaryimage\"},\"image\":{\"@id\":\"https:\\\/\\\/decolletatgesabadell.com\\\/participacio-en-el-programa-accelera-el-creixament\\\/#primaryimage\"},\"thumbnailUrl\":\"https:\\\/\\\/decolletatgesabadell.com\\\/wp-content\\\/uploads\\\/2025\\\/09\\\/Programa_Accelera_3.jpg\",\"datePublished\":\"2025-09-04T15:14:40+00:00\",\"dateModified\":\"2025-12-09T08:13:19+00:00\",\"description\":\"Nous sommes tr\u00e8s heureux d'avoir \u00e9t\u00e9 s\u00e9lectionn\u00e9s pour participer \u00e0 la 14e \u00e9dition du programme \u00ab Acc\u00e9l\u00e8re la croissance \u00bb, organis\u00e9 par la PIMEC et la D\u00e9putation de Barcelone.\",\"breadcrumb\":{\"@id\":\"https:\\\/\\\/decolletatgesabadell.com\\\/participacio-en-el-programa-accelera-el-creixament\\\/#breadcrumb\"},\"inLanguage\":\"fr-FR\",\"potentialAction\":[{\"@type\":\"ReadAction\",\"target\":[\"https:\\\/\\\/decolletatgesabadell.com\\\/participacio-en-el-programa-accelera-el-creixament\\\/\"]}]},{\"@type\":\"ImageObject\",\"inLanguage\":\"fr-FR\",\"@id\":\"https:\\\/\\\/decolletatgesabadell.com\\\/participacio-en-el-programa-accelera-el-creixament\\\/#primaryimage\",\"url\":\"https:\\\/\\\/decolletatgesabadell.com\\\/wp-content\\\/uploads\\\/2025\\\/09\\\/Programa_Accelera_3.jpg\",\"contentUrl\":\"https:\\\/\\\/decolletatgesabadell.com\\\/wp-content\\\/uploads\\\/2025\\\/09\\\/Programa_Accelera_3.jpg\",\"width\":768,\"height\":576},{\"@type\":\"BreadcrumbList\",\"@id\":\"https:\\\/\\\/decolletatgesabadell.com\\\/participacio-en-el-programa-accelera-el-creixament\\\/#breadcrumb\",\"itemListElement\":[{\"@type\":\"ListItem\",\"position\":1,\"name\":\"Portada\",\"item\":\"https:\\\/\\\/decolletatgesabadell.com\\\/fr\\\/\"},{\"@type\":\"ListItem\",\"position\":2,\"name\":\"PARTICIPATION AU PROGRAMME ACC\u00c9L\u00c9RER LA CROISSANCE\"}]},{\"@type\":\"WebSite\",\"@id\":\"https:\\\/\\\/decolletatgesabadell.com\\\/#website\",\"url\":\"https:\\\/\\\/decolletatgesabadell.com\\\/\",\"name\":\"Decolletate Sabadel S.L.\",\"description\":\"Mecanizados de precisi\u00f3n sorprendentes.\",\"publisher\":{\"@id\":\"https:\\\/\\\/decolletatgesabadell.com\\\/#organization\"},\"alternateName\":\"Mecanizados de Precisi\u00f3n\",\"potentialAction\":[{\"@type\":\"SearchAction\",\"target\":{\"@type\":\"EntryPoint\",\"urlTemplate\":\"https:\\\/\\\/decolletatgesabadell.com\\\/?s={search_term_string}\"},\"query-input\":{\"@type\":\"PropertyValueSpecification\",\"valueRequired\":true,\"valueName\":\"search_term_string\"}}],\"inLanguage\":\"fr-FR\"},{\"@type\":\"Organization\",\"@id\":\"https:\\\/\\\/decolletatgesabadell.com\\\/#organization\",\"name\":\"Decolletate Sabadel S.L.\",\"alternateName\":\"Mecanizados de Precisi\u00f3n\",\"url\":\"https:\\\/\\\/decolletatgesabadell.com\\\/\",\"logo\":{\"@type\":\"ImageObject\",\"inLanguage\":\"fr-FR\",\"@id\":\"https:\\\/\\\/decolletatgesabadell.com\\\/#\\\/schema\\\/logo\\\/image\\\/\",\"url\":\"https:\\\/\\\/decolletatgesabadell.com\\\/wp-content\\\/uploads\\\/2023\\\/02\\\/LogoDecoSabadell_web.png\",\"contentUrl\":\"https:\\\/\\\/decolletatgesabadell.com\\\/wp-content\\\/uploads\\\/2023\\\/02\\\/LogoDecoSabadell_web.png\",\"width\":500,\"height\":450,\"caption\":\"Decolletate Sabadel S.L.\"},\"image\":{\"@id\":\"https:\\\/\\\/decolletatgesabadell.com\\\/#\\\/schema\\\/logo\\\/image\\\/\"},\"sameAs\":[\"https:\\\/\\\/www.linkedin.com\\\/company\\\/11701969\\\/admin\\\/?feedType=following\",\"https:\\\/\\\/www.youtube.com\\\/@decolletatgesabadell4277\"]},{\"@type\":\"Person\",\"@id\":\"https:\\\/\\\/decolletatgesabadell.com\\\/#\\\/schema\\\/person\\\/37e93b54bfda56c2ded0915c5aad5169\",\"name\":\"Diego Lluna\",\"image\":{\"@type\":\"ImageObject\",\"inLanguage\":\"fr-FR\",\"@id\":\"https:\\\/\\\/secure.gravatar.com\\\/avatar\\\/170eb9bdfd9f195ef99963a43583511f1a34c13cf348c9db7fc92034ae334683?s=96&d=mm&r=g\",\"url\":\"https:\\\/\\\/secure.gravatar.com\\\/avatar\\\/170eb9bdfd9f195ef99963a43583511f1a34c13cf348c9db7fc92034ae334683?s=96&d=mm&r=g\",\"contentUrl\":\"https:\\\/\\\/secure.gravatar.com\\\/avatar\\\/170eb9bdfd9f195ef99963a43583511f1a34c13cf348c9db7fc92034ae334683?s=96&d=mm&r=g\",\"caption\":\"Diego Lluna\"},\"url\":\"https:\\\/\\\/decolletatgesabadell.com\\\/fr\\\/author\\\/deco\\\/\"}]}<\/script>\n<!-- \/ Yoast SEO plugin. -->","yoast_head_json":{"title":"PARTICIPATION AU PROGRAMME ACC\u00c9L\u00c9RER LA CROISSANCE - Decolletatge Sabadell","description":"Nous sommes tr\u00e8s heureux d'avoir \u00e9t\u00e9 s\u00e9lectionn\u00e9s pour participer \u00e0 la 14e \u00e9dition du programme \u00ab Acc\u00e9l\u00e8re la croissance \u00bb, organis\u00e9 par la PIMEC et la D\u00e9putation de Barcelone.","robots":{"index":"index","follow":"follow","max-snippet":"max-snippet:-1","max-image-preview":"max-image-preview:large","max-video-preview":"max-video-preview:-1"},"canonical":"https:\/\/decolletatgesabadell.com\/participacio-en-el-programa-accelera-el-creixament\/","og_locale":"fr_FR","og_type":"article","og_title":"PARTICIPATION AU PROGRAMME ACC\u00c9L\u00c9RER LA CROISSANCE - Decolletatge Sabadell","og_description":"Nous sommes tr\u00e8s heureux d'avoir \u00e9t\u00e9 s\u00e9lectionn\u00e9s pour participer \u00e0 la 14e \u00e9dition du programme \u00ab Acc\u00e9l\u00e8re la croissance \u00bb, organis\u00e9 par la PIMEC et la D\u00e9putation de Barcelone.","og_url":"https:\/\/decolletatgesabadell.com\/participacio-en-el-programa-accelera-el-creixament\/","og_site_name":"Decolletatge Sabadell","article_published_time":"2025-09-04T15:14:40+00:00","article_modified_time":"2025-12-09T08:13:19+00:00","og_image":[{"width":860,"height":396,"url":"https:\/\/decolletatgesabadell.com\/wp-content\/uploads\/2025\/12\/Programa_Accelera.png","type":"image\/png"}],"author":"Diego Lluna","twitter_card":"summary_large_image","twitter_misc":{"\u00c9crit par":"Diego Lluna","Dur\u00e9e de lecture estim\u00e9e":"1 minute"},"schema":{"@context":"https:\/\/schema.org","@graph":[{"@type":"Article","@id":"https:\/\/decolletatgesabadell.com\/participacio-en-el-programa-accelera-el-creixament\/#article","isPartOf":{"@id":"https:\/\/decolletatgesabadell.com\/participacio-en-el-programa-accelera-el-creixament\/"},"author":{"name":"Diego Lluna","@id":"https:\/\/decolletatgesabadell.com\/#\/schema\/person\/37e93b54bfda56c2ded0915c5aad5169"},"headline":"PARTICIPATION AU PROGRAMME ACC\u00c9L\u00c9RER LA CROISSANCE","datePublished":"2025-09-04T15:14:40+00:00","dateModified":"2025-12-09T08:13:19+00:00","mainEntityOfPage":{"@id":"https:\/\/decolletatgesabadell.com\/participacio-en-el-programa-accelera-el-creixament\/"},"wordCount":49,"commentCount":0,"publisher":{"@id":"https:\/\/decolletatgesabadell.com\/#organization"},"image":{"@id":"https:\/\/decolletatgesabadell.com\/participacio-en-el-programa-accelera-el-creixament\/#primaryimage"},"thumbnailUrl":"https:\/\/decolletatgesabadell.com\/wp-content\/uploads\/2025\/09\/Programa_Accelera_3.jpg","articleSection":["Foires et \u00e9v\u00e9nements","Sense categoria"],"inLanguage":"fr-FR","potentialAction":[{"@type":"CommentAction","name":"Comment","target":["https:\/\/decolletatgesabadell.com\/participacio-en-el-programa-accelera-el-creixament\/#respond"]}]},{"@type":"WebPage","@id":"https:\/\/decolletatgesabadell.com\/participacio-en-el-programa-accelera-el-creixament\/","url":"https:\/\/decolletatgesabadell.com\/participacio-en-el-programa-accelera-el-creixament\/","name":"PARTICIPATION AU PROGRAMME ACC\u00c9L\u00c9RER LA CROISSANCE - Decolletatge Sabadell","isPartOf":{"@id":"https:\/\/decolletatgesabadell.com\/#website"},"primaryImageOfPage":{"@id":"https:\/\/decolletatgesabadell.com\/participacio-en-el-programa-accelera-el-creixament\/#primaryimage"},"image":{"@id":"https:\/\/decolletatgesabadell.com\/participacio-en-el-programa-accelera-el-creixament\/#primaryimage"},"thumbnailUrl":"https:\/\/decolletatgesabadell.com\/wp-content\/uploads\/2025\/09\/Programa_Accelera_3.jpg","datePublished":"2025-09-04T15:14:40+00:00","dateModified":"2025-12-09T08:13:19+00:00","description":"Nous sommes tr\u00e8s heureux d'avoir \u00e9t\u00e9 s\u00e9lectionn\u00e9s pour participer \u00e0 la 14e \u00e9dition du programme \u00ab Acc\u00e9l\u00e8re la croissance \u00bb, organis\u00e9 par la PIMEC et la D\u00e9putation de Barcelone.","breadcrumb":{"@id":"https:\/\/decolletatgesabadell.com\/participacio-en-el-programa-accelera-el-creixament\/#breadcrumb"},"inLanguage":"fr-FR","potentialAction":[{"@type":"ReadAction","target":["https:\/\/decolletatgesabadell.com\/participacio-en-el-programa-accelera-el-creixament\/"]}]},{"@type":"ImageObject","inLanguage":"fr-FR","@id":"https:\/\/decolletatgesabadell.com\/participacio-en-el-programa-accelera-el-creixament\/#primaryimage","url":"https:\/\/decolletatgesabadell.com\/wp-content\/uploads\/2025\/09\/Programa_Accelera_3.jpg","contentUrl":"https:\/\/decolletatgesabadell.com\/wp-content\/uploads\/2025\/09\/Programa_Accelera_3.jpg","width":768,"height":576},{"@type":"BreadcrumbList","@id":"https:\/\/decolletatgesabadell.com\/participacio-en-el-programa-accelera-el-creixament\/#breadcrumb","itemListElement":[{"@type":"ListItem","position":1,"name":"Portada","item":"https:\/\/decolletatgesabadell.com\/fr\/"},{"@type":"ListItem","position":2,"name":"PARTICIPATION AU PROGRAMME ACC\u00c9L\u00c9RER LA CROISSANCE"}]},{"@type":"WebSite","@id":"https:\/\/decolletatgesabadell.com\/#website","url":"https:\/\/decolletatgesabadell.com\/","name":"Decolletate Sabadel S.L.","description":"Mecanizados de precisi\u00f3n sorprendentes.","publisher":{"@id":"https:\/\/decolletatgesabadell.com\/#organization"},"alternateName":"Mecanizados de Precisi\u00f3n","potentialAction":[{"@type":"SearchAction","target":{"@type":"EntryPoint","urlTemplate":"https:\/\/decolletatgesabadell.com\/?s={search_term_string}"},"query-input":{"@type":"PropertyValueSpecification","valueRequired":true,"valueName":"search_term_string"}}],"inLanguage":"fr-FR"},{"@type":"Organization","@id":"https:\/\/decolletatgesabadell.com\/#organization","name":"Decolletate Sabadel S.L.","alternateName":"Mecanizados de Precisi\u00f3n","url":"https:\/\/decolletatgesabadell.com\/","logo":{"@type":"ImageObject","inLanguage":"fr-FR","@id":"https:\/\/decolletatgesabadell.com\/#\/schema\/logo\/image\/","url":"https:\/\/decolletatgesabadell.com\/wp-content\/uploads\/2023\/02\/LogoDecoSabadell_web.png","contentUrl":"https:\/\/decolletatgesabadell.com\/wp-content\/uploads\/2023\/02\/LogoDecoSabadell_web.png","width":500,"height":450,"caption":"Decolletate Sabadel S.L."},"image":{"@id":"https:\/\/decolletatgesabadell.com\/#\/schema\/logo\/image\/"},"sameAs":["https:\/\/www.linkedin.com\/company\/11701969\/admin\/?feedType=following","https:\/\/www.youtube.com\/@decolletatgesabadell4277"]},{"@type":"Person","@id":"https:\/\/decolletatgesabadell.com\/#\/schema\/person\/37e93b54bfda56c2ded0915c5aad5169","name":"Diego Lluna","image":{"@type":"ImageObject","inLanguage":"fr-FR","@id":"https:\/\/secure.gravatar.com\/avatar\/170eb9bdfd9f195ef99963a43583511f1a34c13cf348c9db7fc92034ae334683?s=96&d=mm&r=g","url":"https:\/\/secure.gravatar.com\/avatar\/170eb9bdfd9f195ef99963a43583511f1a34c13cf348c9db7fc92034ae334683?s=96&d=mm&r=g","contentUrl":"https:\/\/secure.gravatar.com\/avatar\/170eb9bdfd9f195ef99963a43583511f1a34c13cf348c9db7fc92034ae334683?s=96&d=mm&r=g","caption":"Diego Lluna"},"url":"https:\/\/decolletatgesabadell.com\/fr\/author\/deco\/"}]}},"_links":{"self":[{"href":"https:\/\/decolletatgesabadell.com\/fr\/wp-json\/wp\/v2\/posts\/3928","targetHints":{"allow":["GET"]}}],"collection":[{"href":"https:\/\/decolletatgesabadell.com\/fr\/wp-json\/wp\/v2\/posts"}],"about":[{"href":"https:\/\/decolletatgesabadell.com\/fr\/wp-json\/wp\/v2\/types\/post"}],"author":[{"embeddable":true,"href":"https:\/\/decolletatgesabadell.com\/fr\/wp-json\/wp\/v2\/users\/2"}],"replies":[{"embeddable":true,"href":"https:\/\/decolletatgesabadell.com\/fr\/wp-json\/wp\/v2\/comments?post=3928"}],"version-history":[{"count":5,"href":"https:\/\/decolletatgesabadell.com\/fr\/wp-json\/wp\/v2\/posts\/3928\/revisions"}],"predecessor-version":[{"id":3938,"href":"https:\/\/decolletatgesabadell.com\/fr\/wp-json\/wp\/v2\/posts\/3928\/revisions\/3938"}],"wp:featuredmedia":[{"embeddable":true,"href":"https:\/\/decolletatgesabadell.com\/fr\/wp-json\/wp\/v2\/media\/3920"}],"wp:attachment":[{"href":"https:\/\/decolletatgesabadell.com\/fr\/wp-json\/wp\/v2\/media?parent=3928"}],"wp:term":[{"taxonomy":"category","embeddable":true,"href":"https:\/\/decolletatgesabadell.com\/fr\/wp-json\/wp\/v2\/categories?post=3928"},{"taxonomy":"post_tag","embeddable":true,"href":"https:\/\/decolletatgesabadell.com\/fr\/wp-json\/wp\/v2\/tags?post=3928"}],"curies":[{"name":"wp","href":"https:\/\/api.w.org\/{rel}","templated":true}]}}